{"id":1,"date":"2022-12-01T08:10:37","date_gmt":"2022-12-01T07:10:37","guid":{"rendered":"http:\/\/cycloclubremois.com\/?p=1"},"modified":"2025-12-17T15:34:14","modified_gmt":"2025-12-17T14:34:14","slug":"bonjour-tout-le-monde","status":"publish","type":"post","link":"https:\/\/cycloclubremois.com\/index.php\/2022\/12\/01\/bonjour-tout-le-monde\/","title":{"rendered":"Le C.C.R. vous souhaite la bienvenue"},"content":{"rendered":"<h1 style=\"text-align: center;\"><span style=\"font-size: 36pt;\"><strong>CYCLO&nbsp;CLUB&nbsp;R\u00c9MOIS<\/strong><\/span><\/h1>\n<p style=\"text-align: center;\"><a href=\"https:\/\/cycloclubremois.com\/index.php\/photos\/photos-2019\/2025-11-13-a-g-du-c-c-r\/\" target=\"_blank\" rel=\"noopener\"><span style=\"font-size: 18pt;\"><strong><span style=\"color: #0000ff;\">PHOTOS ET REPORTAGE A.G 2025 EN LIGNE<\/span><\/strong><\/span><\/a><\/p>\n<p style=\"text-align: center;\"><strong><a href=\"http:\/\/cycloclubremois.com\/index.php\/divers\/photo-du-b-c-m-r-2025\/\" target=\"_blank\" rel=\"noopener\"><span style=\"font-size: 24pt; color: #800000;\">&nbsp;REPORTAGES PHOTOS B.C.M.R EN LIGNE<\/span><\/a><\/strong><\/p>\n<div style=\"text-align: center;\">&nbsp;<\/div>\n<div style=\"width: 640px; padding-top: 10px; padding-bottom: 10px; border: 3px solid #A0A0A0; text-align: center; background: #C0C0C0;\">\n<p style=\"text-align: center;\"><strong>RENOUVELLEMENT DE LICENCE (fin de validit\u00e9 27 f\u00e9vrier 2025), <span style=\"background-color: #ffff00;\">NOUVEAUX ADH\u00c9RENTS<\/span>, ADH\u00c9RENTS EXT\u00c9RIEURS, SYMPATHISANTS,&nbsp; INSCRIPTION ET PAIEMENT EN LIGNE POSSIBLE.<\/strong><\/p>\n<\/div>\n<p style=\"text-align: center;\"><a href=\"http:\/\/cycloclubremois.com\/index.php\/divers\/petites-annonces\/\" target=\"_blank\" rel=\"noopener\"><strong><span style=\"font-size: 18pt; color: #800000;\">Info petites annonces mise \u00e0 jour suite \u00e0 vente le 14 Aout&nbsp; 2025<\/span><\/strong><\/a><\/p>\n<p style=\"text-align: center;\">&nbsp;<\/p>\n<p style=\"text-align: center;\"><strong><span style=\"font-size: 14pt; color: #800000;\">&nbsp;<\/span><\/strong><\/p>\n<p style=\"text-align: center;\"><span style=\"background-color: #00ff00;\"><strong><span style=\"font-size: 14pt; color: #800000; background-color: #00ff00;\">Pas de permanences au cours des mois de juin,&nbsp; juillet et ao\u00fbt.<\/span><\/strong><\/span><\/p>\n<h1 style=\"text-align: center;\">&nbsp;<\/h1>\n<h1 style=\"text-align: center;\"><span style=\"color: #003366;\"><strong>&nbsp;<span style=\"background-color: #00ffff;\">Permanence C.C.R ouverte <\/span><\/strong><\/span><span style=\"color: #003366;\"><strong><span style=\"background-color: #00ff00;\"><br \/>\n<\/span><\/strong><\/span><\/h1>\n<p style=\"text-align: center;\">&nbsp;<\/p>\n<ul>\n<li style=\"text-align: justify;\"><span style=\"font-size: 14pt; background-color: #ffff00;\"><strong>Tous les samedis<\/strong> <strong>de janvier \u00e0 avril , de<\/strong> <strong>17 \u00e0 18 h30.<\/strong><\/span><\/li>\n<li style=\"text-align: justify;\"><span style=\"font-size: 14pt; background-color: #ffff00;\"><strong>Les premiers et troisi\u00e8me samedi des mois de mai et juin, septembre, octobre, novembre et d\u00e9cembre.<\/strong><\/span><\/li>\n<li style=\"text-align: justify;\"><span style=\"font-size: 14pt; background-color: #ffff00;\"><strong>Pas de permanences en juillet et ao\u00fbt.<\/strong><\/span><\/li>\n<\/ul>\n<h4 style=\"text-align: center;\">&nbsp;<\/h4>\n<hr>\n<p><span style=\"background-color: #ffcc00; color: #ff0000;\"><strong><span style=\"font-size: 14pt; background-color: #ffcc00;\"><span style=\"font-size: 12pt; background-color: #ffcc00;\">LE C.C.R. EST HEUREUX DE VOUS ACCUEILLIR&nbsp;<\/span><\/span><\/strong><\/span><\/p>\n<div style=\"width: 640px; padding-top: 10px; padding-bottom: 10px; border: 3px solid #A0A0A0; text-align: center; background: #C0C0C0;\">\n<div style=\"text-align: left;\"><span style=\"font-size: 12pt;\">A tous ceux qui souhaitent:<img loading=\"lazy\" decoding=\"async\" class=\"alignright wp-image-35973\" src=\"http:\/\/cycloclubremois.com\/wp-content\/uploads\/2022\/02\/ecusson-ccr.jpg\" alt=\"\" width=\"50\" height=\"50\"><\/span><\/div>\n<div>&nbsp;<\/div>\n<ul style=\"list-style-type: disc;\">\n<li style=\"text-align: justify;\"><span style=\"font-size: 12pt;\"><strong> nous rejoindre, <\/strong><\/span><\/li>\n<li style=\"text-align: justify;\"><span style=\"font-size: 12pt;\"><strong>renouveler leur licence<\/strong> (fin de validit\u00e9 27 f\u00e9vrier 2025 de la licence 2024) <\/span><\/li>\n<li style=\"text-align: justify;\"><span style=\"font-size: 12pt;\"><strong>participer \u00e0 nos sorties en \u00e9tant licenci\u00e9 dans d'autres clubs affili\u00e9s \u00e0 la F.F.C.T<\/strong>. <\/span><\/li>\n<li style=\"text-align: justify;\"><span style=\"font-size: 12pt;\">et \u00e0 tous ceux qui ne pratiquent pas le cyclotourisme et d\u00e9sirent accompagner un ami adh\u00e9rent de notre club.<\/span><\/li>\n<li style=\"text-align: justify;\"><span style=\"font-size: 14pt;\"><a href=\"https:\/\/www.helloasso.com\/associations\/cyclo-club-remois\/adhesions\/adhesion-cyclo-club-remois-saison-2025\" target=\"_blank\" rel=\"noopener\"><strong><span style=\"background-color: #ffff00;\">CLIQUEZ ICI<\/span><\/strong><strong><span style=\"background-color: #ffff00;\">&nbsp;<\/span><\/strong><\/a>&nbsp;&nbsp;&nbsp;&nbsp;&nbsp;<\/span><\/li>\n<\/ul>\n<p style=\"text-align: right;\"><em>Le Pr\u00e9sident et les membres du Comit\u00e9<\/em><\/p>\n<\/div>\n<p style=\"text-align: center;\">&nbsp;<\/p>\n<p><strong style=\"font-size: 1.8em; line-height: 1.5em;\"> INFOS C.C.R<\/strong><\/p>\n<h4 style=\"text-align: justify;\">Sur la volont\u00e9 de quelques pr\u00e9curseurs du tourisme \u00e0 bicyclette, parmi lesquels son regrett\u00e9 Jacques LOCHET, <strong>le Cyclo Club R\u00e9mois est n\u00e9 en 1932<\/strong> sous la pr\u00e9sidence de Monsieur FRANCOIS, puis ont succ\u00e9d\u00e9 Messieurs ALTERMEYER et CORRARD.<\/h4>\n<h4 style=\"text-align: justify;\">C\u2019est apr\u00e8s la lib\u00e9ration que Monsieur Jacques LOCHET (dit Loloche) acc\u00e8de \u00e0 la pr\u00e9sidence, honorablement jusqu\u2019en 1974.<\/h4>\n<blockquote>\n<h5>Lui succ\u00e9d\u00e8rent ensuite&nbsp;:<br \/>\n1974\/1975 Marcel HANESSE.<br \/>\n1976 Jean Claude GERARD.<br \/>\n1977\/1982 Fabien DUTERQUE<br \/>\n1983 Pierre KOENIG.<br \/>\n1984\/1988 Jackie DELPORTE.<br \/>\n1989\/1992 Yvon TOURAIS.<br \/>\n1993\/1995 Jacques LIEBENS.<br \/>\n1996\/2003 Robert MILLET.<br \/>\n2004\/2011 Pierre BARDIAUX.<br \/>\n2012\/2014&nbsp; Jean-Claude DUSEHU.<br \/>\n2015\/2023 Florian KOWALSKI.<br \/>\n2024 en cours Didier LONGUET<\/h5>\n<hr>\n<\/blockquote>\n<div id=\"dernieres-nouvelles\">...<\/div>\n<h2 style=\"text-align: center;\"><strong>PERMANENCE&nbsp;<\/strong><\/h2>\n<h4 style=\"text-align: center;\"><strong>53 all\u00e9e Fl\u00e9chambault, \u00e0 Reims. T\u00e9l: 09 67 76 53 15.<\/strong><\/h4>\n<ul style=\"list-style-type: disc;\">\n<li style=\"text-align: justify;\"><strong>Tous les samedis<\/strong> <strong>de janvier \u00e0 avril , de<\/strong> <strong>17 \u00e0 18 h30.<\/strong><\/li>\n<li style=\"text-align: justify;\"><strong>Les premiers et troisi\u00e8me samedi des mois de mai et juin, septembre, octobre, novembre et d\u00e9cembre.<\/strong><\/li>\n<li style=\"text-align: justify;\"><strong>Pas de permanences en juillet et ao\u00fbt.<\/strong><br \/>\n<hr>\n<\/li>\n<\/ul>\n<h4>&nbsp;<\/h4>\n<h4 style=\"text-align: justify;\">Le Cyclo Club R\u00e9mois est <strong>un des plus anciens clubs affili\u00e9s \u00e0 la F\u00e9d\u00e9ration Fran\u00e7aise de Cyclotourisme<\/strong> (FFCT). Il n\u2019a pourtant pas pris une ride et fait toujours preuve d\u2019une vitalit\u00e9 sans faiblesse ni rel\u00e2chement.<\/h4>\n<h4 style=\"text-align: justify;\">Chaque dimanche, et toute l\u2019ann\u00e9e, les cyclos au maillot \u00ab&nbsp;<strong>sang et or&nbsp;<\/strong>\u00bb p\u00e9dalent dans la bonne humeur sur toutes les routes de la r\u00e9gion.<\/h4>\n<h4 style=\"text-align: justify;\">Ils s\u2019en \u00e9vadent souvent vers des horizons plus lointains pour participer aux brevets, randonn\u00e9es et concentrations, des plus modestes aux plus prestigieux: Bordeaux-Paris, Paris-Roubaix, Paris-Brest-Paris, Brevets Cyclos Montagnards, entre autres. Participation en nombre \u00e9galement aux Semaines f\u00e9d\u00e9rales Internationales de Cyclotourisme, et toutes autres concentrations.<\/h4>\n<h4 style=\"text-align: justify;\">Chacun peut donc trouver son bonheur selon ses moyens et ses ambitions au sein du C.C.R.<\/h4>\n<h4 style=\"text-align: justify;\">Chaque hiver, le club organise de janvier \u00e0 mars son traditionnel <strong>Rallye des Neiges<\/strong>, ouvert \u00e0 tous, une bonne et saine remise en condition qui permet de faire connaissance ou de renouer des liens avec les amis d\u2019autres clubs. Ensuite, toute la gamme des brevets randonneurs et audax \u2026.Depuis 2006, un diaporama vient chaque mardi valoriser la balade dominicale du rallye des neiges .<\/h4>\n<h4 style=\"text-align: justify;\">En milieu de saison, l\u2019\u00e9preuve phare de la r\u00e9gion,<span style=\"color: #000000;\"><strong> le Brevet Cyclotouriste de la Montagne de Reims ( le c\u00e9l\u00e8bre B.C.M.R.)<\/strong><\/span> draine vers Reims, environ 1000 \u00e0 1500 cyclos dont bon nombre d\u2019\u00e9trangers. Le succ\u00e8s de cette manifestation n\u2019est plus \u00e0 d\u00e9montrer et a sa place au tout premier rang des \u00e9preuves nationales.<\/h4>\n<p><a name=\"contact\"><\/a><\/p>\n<h2 style=\"text-align: justify;\">Vous pouvez nous contacter soit par <strong>courriel<\/strong><\/h2>\n<p style=\"text-align: justify;\"><strong><a href=\"mailto:cycloclubremois@orange.fr\">cycloclubremois@orange.fr<\/a><\/strong><\/p>\n<h2 style=\"text-align: justify;\">Soit par <strong>courrier postal<\/strong>:<\/h2>\n<h3 style=\"text-align: justify;\">Cyclo Club R\u00e9mois:<br \/>\n53 all\u00e9e Fl\u00e9chambault<\/h3>\n<h3 style=\"text-align: justify;\">51100 REIMS.<\/h3>\n<h2 style=\"text-align: justify;\">Soit par<strong> t\u00e9l\u00e9phone: 09 67 76 53 15&nbsp;<\/strong><\/h2>\n<p>&nbsp;<a title=\"Le si\u00e8ge du CCR\" href=\"https:\/\/www.google.fr\/maps\/@49.2419338,4.0365552,3a,75y,159.93h,92.7t\/data=!3m6!1e1!3m4!1sVe9jLV5JHpYgzaJDChbR9A!2e0!7i13312!8i6656!6m1!1e1?hl=fr\" target=\"_blank\" rel=\"noopener\">Voir la situation g\u00e9ographique du si\u00e8ge du CCR.<\/a><\/p>\n<p>&nbsp;<\/p>\n<div style=\"width: 640px; padding-top: 10px; padding-bottom: 10px; border: 3px solid #A0A0A0; text-align: center; background: #C0C0C0;\">\n<p style=\"text-align: center;\"><strong>INSCRIPTION PAR INTERNET PAIEMENT CARTE BANCAIRE<\/strong><\/p>\n<p style=\"text-align: center;\"><strong> A PARTIR DU 4 DECEMBRE 2024 <\/strong><\/p>\n<p style=\"text-align: center;\"><strong>RENOUVELLEMENT DE LICENCE (fin de validit\u00e9 27 f\u00e9vrier 2025), NOUVEAUX ADH\u00c9RENTS, ADH\u00c9RENTS EXT\u00c9RIEURS, SYMPATHISANTS,&nbsp; INSCRIPTION ET PAIEMENT EN LIGNE POSSIBLE.<\/strong><\/p>\n<p><iframe id=\"haWidget\" style=\"width: 100%; height: 70px; border: none;\" src=\"https:\/\/www.helloasso.com\/associations\/cyclo-club-remois\/adhesions\/adhesion-cyclo-club-remois-saison-2025\/widget-bouton\"><\/iframe><\/p>\n<\/div>\n<p><span style=\"font-size: 10pt;\"><em>Mise \u00e0 jour E.DUGOIS le 8\/06\/2025<\/em><\/span><\/p>\n<p>&nbsp;<\/p>\n<p>&nbsp;<\/p>\n","protected":false},"excerpt":{"rendered":"<p>CYCLO&nbsp;CLUB&nbsp;R\u00c9MOIS PHOTOS ET REPORTAGE A.G 2025 EN LIGNE &nbsp;REPORTAGES PHOTOS B.C.M.R EN LIGNE &nbsp; RENOUVELLEMENT DE LICENCE (fin de validit\u00e9 27 f\u00e9vrier 2025), NOUVEAUX ADH\u00c9RENTS, ADH\u00c9RENTS EXT\u00c9RIEURS, SYMPATHISANTS,&nbsp; INSCRIPTION ET PAIEMENT EN LIGNE POSSIBLE. Info petites annonces mise \u00e0 jour suite \u00e0 vente le 14 Aout&nbsp; 2025 &nbsp; &nbsp; Pas de permanences au cours des&#8230;<\/p>\n","protected":false},"author":1,"featured_media":0,"comment_status":"open","ping_status":"open","sticky":false,"template":"","format":"standard","meta":{"_acf_changed":false,"inline_featured_image":false,"ngg_post_thumbnail":0,"_kad_post_transparent":"","_kad_post_title":"","_kad_post_layout":"","_kad_post_sidebar_id":"","_kad_post_content_style":"","_kad_post_vertical_padding":"","_kad_post_feature":"","_kad_post_feature_position":"","_kad_post_header":false,"_kad_post_footer":false,"_kad_post_classname":"","footnotes":""},"categories":[1],"tags":[],"post_folder":[],"class_list":["post-1","post","type-post","status-publish","format-standard","hentry","category-non-classe"],"acf":[],"_links":{"self":[{"href":"https:\/\/cycloclubremois.com\/index.php\/wp-json\/wp\/v2\/posts\/1","targetHints":{"allow":["GET"]}}],"collection":[{"href":"https:\/\/cycloclubremois.com\/index.php\/wp-json\/wp\/v2\/posts"}],"about":[{"href":"https:\/\/cycloclubremois.com\/index.php\/wp-json\/wp\/v2\/types\/post"}],"author":[{"embeddable":true,"href":"https:\/\/cycloclubremois.com\/index.php\/wp-json\/wp\/v2\/users\/1"}],"replies":[{"embeddable":true,"href":"https:\/\/cycloclubremois.com\/index.php\/wp-json\/wp\/v2\/comments?post=1"}],"version-history":[{"count":556,"href":"https:\/\/cycloclubremois.com\/index.php\/wp-json\/wp\/v2\/posts\/1\/revisions"}],"predecessor-version":[{"id":47819,"href":"https:\/\/cycloclubremois.com\/index.php\/wp-json\/wp\/v2\/posts\/1\/revisions\/47819"}],"wp:attachment":[{"href":"https:\/\/cycloclubremois.com\/index.php\/wp-json\/wp\/v2\/media?parent=1"}],"wp:term":[{"taxonomy":"category","embeddable":true,"href":"https:\/\/cycloclubremois.com\/index.php\/wp-json\/wp\/v2\/categories?post=1"},{"taxonomy":"post_tag","embeddable":true,"href":"https:\/\/cycloclubremois.com\/index.php\/wp-json\/wp\/v2\/tags?post=1"},{"taxonomy":"post_folder","embeddable":true,"href":"https:\/\/cycloclubremois.com\/index.php\/wp-json\/wp\/v2\/post_folder?post=1"}],"curies":[{"name":"wp","href":"https:\/\/api.w.org\/{rel}","templated":true}]}}